{"id":527,"date":"2020-03-23T09:13:05","date_gmt":"2020-03-23T09:13:05","guid":{"rendered":"https:\/\/jesanaip.com\/?p=527"},"modified":"2022-10-10T10:33:47","modified_gmt":"2022-10-10T10:33:47","slug":"es-ya-el-momento-de-replantearse-la-patente-unitaria","status":"publish","type":"post","link":"https:\/\/jesanaip.com\/es-ya-el-momento-de-replantearse-la-patente-unitaria\/","title":{"rendered":"\u00bfEs ya el momento de replantearse la patente unitaria?"},"content":{"rendered":"<h1>\u00bfEs ya el momento de replantearse la patente unitaria?<\/h1>\n<p>Son d\u00edas inciertos en Europa en general y en la Propiedad Industrial en particular. En este orden -que no importancia- estamos padeciendo el Brexit y sus consecuencias, el COVID-19 y ahora al Tribunal Constitucional Federal Alem\u00e1n.<\/p>\n<p>Efectivamente, el proyecto de Patente Unitaria (al que recordemos que Espa\u00f1a no se adhiri\u00f3 debido a la regulaci\u00f3n ling\u00fc\u00edstica que implicaba) sufri\u00f3 un duro golpe al reconocer el Gobierno de Su Graciosa Majestad, que no hab\u00edan hecho tal viaje para que dejarse en las alforjas los derechos de patente y que desde Bruselas pudiesen gobernar sobre los s\u00fabditos brit\u00e1nicos como si nada hubiese pasado. No obstante, a\u00fan quedaba Uni\u00f3n para compensar esta retirada y, con m\u00e1s ilusi\u00f3n que realidad, mucha gente implicada en el proyecto consider\u00f3 que la viabilidad de \u00e9ste segu\u00eda pr\u00e1cticamente intacta. No obstante, el Tribunal Constitucional Federal Alem\u00e1n (<em>Bundesverfassungsgericht<\/em>) se ha encargado de finar al enfermo y hoy mismo ha decidido que la aprobaci\u00f3n del acuerdo en el <em>Bundestag<\/em> no est\u00e1 ajustado a derecho, ya que no se aprob\u00f3 con una mayor\u00eda reforzada de 2\/3. Una cuesti\u00f3n t\u00e9cnica, m\u00e1s que de fondo, pero que sumada a la retirada del Reino Unido hace inviable el proyecto.<\/p>\n<p>Por tanto, y despu\u00e9s del luto debido a un proyecto que, en nuestra opini\u00f3n, ya no deber\u00eda ver la luz, es el momento de plantearse seriamente \u00bfhace falta una patente unitaria y un tribunal unificado? Desde Jesana consideramos que s\u00ed, es m\u00e1s, est\u00e1bamos en el grupo de los ilusionados y nos hab\u00edamos preparado para poder actuar ante el Tribunal Unificado en defensa de los intereses de nuestros clientes. No obstante, las reglas del juego han cambiado y es necesario replantear el proyecto desde cero para que todos los pa\u00edses miembros de la Uni\u00f3n Europea, y especialmente Espa\u00f1a, puedan participar en una renovada patente y tribunal unificado que pueda ser realmente \u00fatil para el tejido empresarial europeo.<\/p>\n<p>Jes\u00fas Sahuquillo<br \/>\n<strong>Agente Europeo de Patentes<\/strong><br \/>\nAgente de la Propiedad Industrial<\/p>\n","protected":false},"excerpt":{"rendered":"<p>\u00bfEs ya el momento de replantearse la patente unitaria? Son d\u00edas inciertos en Europa en general y en la Propiedad Industrial en particular. En este orden -que no importancia- estamos padeciendo el Brexit y sus consecuencias, el COVID-19 y ahora al Tribunal Constitucional Federal Alem\u00e1n. Efectivamente, el proyecto de Patente Unitaria (al que recordemos que&hellip;<\/p>\n","protected":false},"author":1,"featured_media":529,"comment_status":"open","ping_status":"open","sticky":false,"template":"","format":"standard","meta":{"footnotes":""},"categories":[1],"tags":[],"post_series":[],"class_list":["post-527","post","type-post","status-publish","format-standard","has-post-thumbnail","hentry","category-sin-categoria","entry","has-media"],"yoast_head":"<!-- This site is optimized with the Yoast SEO plugin v26.4 - https:\/\/yoast.com\/wordpress\/plugins\/seo\/ -->\n<title>\u00bfEs ya el momento de replantearse la patente unitaria?<\/title>\n<meta name=\"description\" content=\"El proyecto de Patente Unitaria sufri\u00f3 un duro golpe al reconocer el Gobierno ingles que no hab\u00edan defendido los derechos de patente\" \/>\n<meta name=\"robots\" content=\"index, follow, max-snippet:-1, max-image-preview:large, max-video-preview:-1\" \/>\n<link rel=\"canonical\" href=\"https:\/\/jesanaip.com\/es-ya-el-momento-de-replantearse-la-patente-unitaria\/\" \/>\n<meta property=\"og:locale\" content=\"es_ES\" \/>\n<meta property=\"og:type\" content=\"article\" \/>\n<meta property=\"og:title\" content=\"\u00bfEs ya el momento de replantearse la patente unitaria?\" \/>\n<meta property=\"og:description\" content=\"El proyecto de Patente Unitaria sufri\u00f3 un duro golpe al reconocer el Gobierno ingles que no hab\u00edan defendido los derechos de patente\" \/>\n<meta property=\"og:url\" content=\"https:\/\/jesanaip.com\/es-ya-el-momento-de-replantearse-la-patente-unitaria\/\" \/>\n<meta property=\"og:site_name\" content=\"JESANA IP\" \/>\n<meta property=\"article:publisher\" content=\"https:\/\/www.facebook.com\/people\/Jesana-IP\/100063718263842\/\" \/>\n<meta property=\"article:published_time\" content=\"2020-03-23T09:13:05+00:00\" \/>\n<meta property=\"article:modified_time\" content=\"2022-10-10T10:33:47+00:00\" \/>\n<meta property=\"og:image\" content=\"https:\/\/jesanaip.com\/wp-content\/uploads\/2020\/03\/patente_unitaria_jesanaip.jpg\" \/>\n\t<meta property=\"og:image:width\" content=\"700\" \/>\n\t<meta property=\"og:image:height\" content=\"393\" \/>\n\t<meta property=\"og:image:type\" content=\"image\/jpeg\" \/>\n<meta name=\"author\" content=\"jesadmin\" \/>\n<meta name=\"twitter:card\" content=\"summary_large_image\" \/>\n<meta name=\"twitter:creator\" content=\"@jesanaip\" \/>\n<meta name=\"twitter:site\" content=\"@jesanaip\" \/>\n<meta name=\"twitter:label1\" content=\"Escrito por\" \/>\n\t<meta name=\"twitter:data1\" content=\"jesadmin\" \/>\n\t<meta name=\"twitter:label2\" content=\"Tiempo de lectura\" \/>\n\t<meta name=\"twitter:data2\" content=\"2 minutos\" \/>\n<script type=\"application\/ld+json\" class=\"yoast-schema-graph\">{\"@context\":\"https:\/\/schema.org\",\"@graph\":[{\"@type\":\"Article\",\"@id\":\"https:\/\/jesanaip.com\/es-ya-el-momento-de-replantearse-la-patente-unitaria\/#article\",\"isPartOf\":{\"@id\":\"https:\/\/jesanaip.com\/es-ya-el-momento-de-replantearse-la-patente-unitaria\/\"},\"author\":{\"name\":\"jesadmin\",\"@id\":\"https:\/\/jesanaip.com\/#\/schema\/person\/05b6fa8ab9ac6580b030a0f9d9f094b4\"},\"headline\":\"\u00bfEs ya el momento de replantearse la patente unitaria?\",\"datePublished\":\"2020-03-23T09:13:05+00:00\",\"dateModified\":\"2022-10-10T10:33:47+00:00\",\"mainEntityOfPage\":{\"@id\":\"https:\/\/jesanaip.com\/es-ya-el-momento-de-replantearse-la-patente-unitaria\/\"},\"wordCount\":368,\"commentCount\":0,\"publisher\":{\"@id\":\"https:\/\/jesanaip.com\/#organization\"},\"image\":{\"@id\":\"https:\/\/jesanaip.com\/es-ya-el-momento-de-replantearse-la-patente-unitaria\/#primaryimage\"},\"thumbnailUrl\":\"https:\/\/jesanaip.com\/wp-content\/uploads\/2020\/03\/patente_unitaria_jesanaip.jpg\",\"inLanguage\":\"es\",\"potentialAction\":[{\"@type\":\"CommentAction\",\"name\":\"Comment\",\"target\":[\"https:\/\/jesanaip.com\/es-ya-el-momento-de-replantearse-la-patente-unitaria\/#respond\"]}]},{\"@type\":\"WebPage\",\"@id\":\"https:\/\/jesanaip.com\/es-ya-el-momento-de-replantearse-la-patente-unitaria\/\",\"url\":\"https:\/\/jesanaip.com\/es-ya-el-momento-de-replantearse-la-patente-unitaria\/\",\"name\":\"\u00bfEs ya el momento de replantearse la patente unitaria?\",\"isPartOf\":{\"@id\":\"https:\/\/jesanaip.com\/#website\"},\"primaryImageOfPage\":{\"@id\":\"https:\/\/jesanaip.com\/es-ya-el-momento-de-replantearse-la-patente-unitaria\/#primaryimage\"},\"image\":{\"@id\":\"https:\/\/jesanaip.com\/es-ya-el-momento-de-replantearse-la-patente-unitaria\/#primaryimage\"},\"thumbnailUrl\":\"https:\/\/jesanaip.com\/wp-content\/uploads\/2020\/03\/patente_unitaria_jesanaip.jpg\",\"datePublished\":\"2020-03-23T09:13:05+00:00\",\"dateModified\":\"2022-10-10T10:33:47+00:00\",\"description\":\"El proyecto de Patente Unitaria sufri\u00f3 un duro golpe al reconocer el Gobierno ingles que no hab\u00edan defendido los derechos de patente\",\"breadcrumb\":{\"@id\":\"https:\/\/jesanaip.com\/es-ya-el-momento-de-replantearse-la-patente-unitaria\/#breadcrumb\"},\"inLanguage\":\"es\",\"potentialAction\":[{\"@type\":\"ReadAction\",\"target\":[\"https:\/\/jesanaip.com\/es-ya-el-momento-de-replantearse-la-patente-unitaria\/\"]}]},{\"@type\":\"ImageObject\",\"inLanguage\":\"es\",\"@id\":\"https:\/\/jesanaip.com\/es-ya-el-momento-de-replantearse-la-patente-unitaria\/#primaryimage\",\"url\":\"https:\/\/jesanaip.com\/wp-content\/uploads\/2020\/03\/patente_unitaria_jesanaip.jpg\",\"contentUrl\":\"https:\/\/jesanaip.com\/wp-content\/uploads\/2020\/03\/patente_unitaria_jesanaip.jpg\",\"width\":700,\"height\":393,\"caption\":\"patente unitaria\"},{\"@type\":\"BreadcrumbList\",\"@id\":\"https:\/\/jesanaip.com\/es-ya-el-momento-de-replantearse-la-patente-unitaria\/#breadcrumb\",\"itemListElement\":[{\"@type\":\"ListItem\",\"position\":1,\"name\":\"Portada\",\"item\":\"https:\/\/jesanaip.com\/\"},{\"@type\":\"ListItem\",\"position\":2,\"name\":\"\u00bfEs ya el momento de replantearse la patente unitaria?\"}]},{\"@type\":\"WebSite\",\"@id\":\"https:\/\/jesanaip.com\/#website\",\"url\":\"https:\/\/jesanaip.com\/\",\"name\":\"JESANA IP\",\"description\":\"Consultores en Propiedad Industrial con +15 a\u00f1os de experiencia. Empresa de registro de Marcas y Patentes, Modelos de utilidad y Dise\u00f1os Industriales\",\"publisher\":{\"@id\":\"https:\/\/jesanaip.com\/#organization\"},\"alternateName\":\"JESANA IP\",\"potentialAction\":[{\"@type\":\"SearchAction\",\"target\":{\"@type\":\"EntryPoint\",\"urlTemplate\":\"https:\/\/jesanaip.com\/?s={search_term_string}\"},\"query-input\":{\"@type\":\"PropertyValueSpecification\",\"valueRequired\":true,\"valueName\":\"search_term_string\"}}],\"inLanguage\":\"es\"},{\"@type\":\"Organization\",\"@id\":\"https:\/\/jesanaip.com\/#organization\",\"name\":\"JESANA PATENTES SL\",\"url\":\"https:\/\/jesanaip.com\/\",\"logo\":{\"@type\":\"ImageObject\",\"inLanguage\":\"es\",\"@id\":\"https:\/\/jesanaip.com\/#\/schema\/logo\/image\/\",\"url\":\"https:\/\/jesanaip.com\/wp-content\/uploads\/2022\/07\/JesanaIP_logo_vertical.png\",\"contentUrl\":\"https:\/\/jesanaip.com\/wp-content\/uploads\/2022\/07\/JesanaIP_logo_vertical.png\",\"width\":300,\"height\":220,\"caption\":\"JESANA PATENTES SL\"},\"image\":{\"@id\":\"https:\/\/jesanaip.com\/#\/schema\/logo\/image\/\"},\"sameAs\":[\"https:\/\/www.facebook.com\/people\/Jesana-IP\/100063718263842\/\",\"https:\/\/x.com\/jesanaip\"]},{\"@type\":\"Person\",\"@id\":\"https:\/\/jesanaip.com\/#\/schema\/person\/05b6fa8ab9ac6580b030a0f9d9f094b4\",\"name\":\"jesadmin\",\"sameAs\":[\"https:\/\/jesanaip.com\"],\"url\":\"https:\/\/jesanaip.com\/author\/jesadmin\/\"}]}<\/script>\n<!-- \/ Yoast SEO plugin. -->","yoast_head_json":{"title":"\u00bfEs ya el momento de replantearse la patente unitaria?","description":"El proyecto de Patente Unitaria sufri\u00f3 un duro golpe al reconocer el Gobierno ingles que no hab\u00edan defendido los derechos de patente","robots":{"index":"index","follow":"follow","max-snippet":"max-snippet:-1","max-image-preview":"max-image-preview:large","max-video-preview":"max-video-preview:-1"},"canonical":"https:\/\/jesanaip.com\/es-ya-el-momento-de-replantearse-la-patente-unitaria\/","og_locale":"es_ES","og_type":"article","og_title":"\u00bfEs ya el momento de replantearse la patente unitaria?","og_description":"El proyecto de Patente Unitaria sufri\u00f3 un duro golpe al reconocer el Gobierno ingles que no hab\u00edan defendido los derechos de patente","og_url":"https:\/\/jesanaip.com\/es-ya-el-momento-de-replantearse-la-patente-unitaria\/","og_site_name":"JESANA IP","article_publisher":"https:\/\/www.facebook.com\/people\/Jesana-IP\/100063718263842\/","article_published_time":"2020-03-23T09:13:05+00:00","article_modified_time":"2022-10-10T10:33:47+00:00","og_image":[{"width":700,"height":393,"url":"https:\/\/jesanaip.com\/wp-content\/uploads\/2020\/03\/patente_unitaria_jesanaip.jpg","type":"image\/jpeg"}],"author":"jesadmin","twitter_card":"summary_large_image","twitter_creator":"@jesanaip","twitter_site":"@jesanaip","twitter_misc":{"Escrito por":"jesadmin","Tiempo de lectura":"2 minutos"},"schema":{"@context":"https:\/\/schema.org","@graph":[{"@type":"Article","@id":"https:\/\/jesanaip.com\/es-ya-el-momento-de-replantearse-la-patente-unitaria\/#article","isPartOf":{"@id":"https:\/\/jesanaip.com\/es-ya-el-momento-de-replantearse-la-patente-unitaria\/"},"author":{"name":"jesadmin","@id":"https:\/\/jesanaip.com\/#\/schema\/person\/05b6fa8ab9ac6580b030a0f9d9f094b4"},"headline":"\u00bfEs ya el momento de replantearse la patente unitaria?","datePublished":"2020-03-23T09:13:05+00:00","dateModified":"2022-10-10T10:33:47+00:00","mainEntityOfPage":{"@id":"https:\/\/jesanaip.com\/es-ya-el-momento-de-replantearse-la-patente-unitaria\/"},"wordCount":368,"commentCount":0,"publisher":{"@id":"https:\/\/jesanaip.com\/#organization"},"image":{"@id":"https:\/\/jesanaip.com\/es-ya-el-momento-de-replantearse-la-patente-unitaria\/#primaryimage"},"thumbnailUrl":"https:\/\/jesanaip.com\/wp-content\/uploads\/2020\/03\/patente_unitaria_jesanaip.jpg","inLanguage":"es","potentialAction":[{"@type":"CommentAction","name":"Comment","target":["https:\/\/jesanaip.com\/es-ya-el-momento-de-replantearse-la-patente-unitaria\/#respond"]}]},{"@type":"WebPage","@id":"https:\/\/jesanaip.com\/es-ya-el-momento-de-replantearse-la-patente-unitaria\/","url":"https:\/\/jesanaip.com\/es-ya-el-momento-de-replantearse-la-patente-unitaria\/","name":"\u00bfEs ya el momento de replantearse la patente unitaria?","isPartOf":{"@id":"https:\/\/jesanaip.com\/#website"},"primaryImageOfPage":{"@id":"https:\/\/jesanaip.com\/es-ya-el-momento-de-replantearse-la-patente-unitaria\/#primaryimage"},"image":{"@id":"https:\/\/jesanaip.com\/es-ya-el-momento-de-replantearse-la-patente-unitaria\/#primaryimage"},"thumbnailUrl":"https:\/\/jesanaip.com\/wp-content\/uploads\/2020\/03\/patente_unitaria_jesanaip.jpg","datePublished":"2020-03-23T09:13:05+00:00","dateModified":"2022-10-10T10:33:47+00:00","description":"El proyecto de Patente Unitaria sufri\u00f3 un duro golpe al reconocer el Gobierno ingles que no hab\u00edan defendido los derechos de patente","breadcrumb":{"@id":"https:\/\/jesanaip.com\/es-ya-el-momento-de-replantearse-la-patente-unitaria\/#breadcrumb"},"inLanguage":"es","potentialAction":[{"@type":"ReadAction","target":["https:\/\/jesanaip.com\/es-ya-el-momento-de-replantearse-la-patente-unitaria\/"]}]},{"@type":"ImageObject","inLanguage":"es","@id":"https:\/\/jesanaip.com\/es-ya-el-momento-de-replantearse-la-patente-unitaria\/#primaryimage","url":"https:\/\/jesanaip.com\/wp-content\/uploads\/2020\/03\/patente_unitaria_jesanaip.jpg","contentUrl":"https:\/\/jesanaip.com\/wp-content\/uploads\/2020\/03\/patente_unitaria_jesanaip.jpg","width":700,"height":393,"caption":"patente unitaria"},{"@type":"BreadcrumbList","@id":"https:\/\/jesanaip.com\/es-ya-el-momento-de-replantearse-la-patente-unitaria\/#breadcrumb","itemListElement":[{"@type":"ListItem","position":1,"name":"Portada","item":"https:\/\/jesanaip.com\/"},{"@type":"ListItem","position":2,"name":"\u00bfEs ya el momento de replantearse la patente unitaria?"}]},{"@type":"WebSite","@id":"https:\/\/jesanaip.com\/#website","url":"https:\/\/jesanaip.com\/","name":"JESANA IP","description":"Consultores en Propiedad Industrial con +15 a\u00f1os de experiencia. Empresa de registro de Marcas y Patentes, Modelos de utilidad y Dise\u00f1os Industriales","publisher":{"@id":"https:\/\/jesanaip.com\/#organization"},"alternateName":"JESANA IP","potentialAction":[{"@type":"SearchAction","target":{"@type":"EntryPoint","urlTemplate":"https:\/\/jesanaip.com\/?s={search_term_string}"},"query-input":{"@type":"PropertyValueSpecification","valueRequired":true,"valueName":"search_term_string"}}],"inLanguage":"es"},{"@type":"Organization","@id":"https:\/\/jesanaip.com\/#organization","name":"JESANA PATENTES SL","url":"https:\/\/jesanaip.com\/","logo":{"@type":"ImageObject","inLanguage":"es","@id":"https:\/\/jesanaip.com\/#\/schema\/logo\/image\/","url":"https:\/\/jesanaip.com\/wp-content\/uploads\/2022\/07\/JesanaIP_logo_vertical.png","contentUrl":"https:\/\/jesanaip.com\/wp-content\/uploads\/2022\/07\/JesanaIP_logo_vertical.png","width":300,"height":220,"caption":"JESANA PATENTES SL"},"image":{"@id":"https:\/\/jesanaip.com\/#\/schema\/logo\/image\/"},"sameAs":["https:\/\/www.facebook.com\/people\/Jesana-IP\/100063718263842\/","https:\/\/x.com\/jesanaip"]},{"@type":"Person","@id":"https:\/\/jesanaip.com\/#\/schema\/person\/05b6fa8ab9ac6580b030a0f9d9f094b4","name":"jesadmin","sameAs":["https:\/\/jesanaip.com"],"url":"https:\/\/jesanaip.com\/author\/jesadmin\/"}]}},"_links":{"self":[{"href":"https:\/\/jesanaip.com\/wp-json\/wp\/v2\/posts\/527","targetHints":{"allow":["GET"]}}],"collection":[{"href":"https:\/\/jesanaip.com\/wp-json\/wp\/v2\/posts"}],"about":[{"href":"https:\/\/jesanaip.com\/wp-json\/wp\/v2\/types\/post"}],"author":[{"embeddable":true,"href":"https:\/\/jesanaip.com\/wp-json\/wp\/v2\/users\/1"}],"replies":[{"embeddable":true,"href":"https:\/\/jesanaip.com\/wp-json\/wp\/v2\/comments?post=527"}],"version-history":[{"count":2,"href":"https:\/\/jesanaip.com\/wp-json\/wp\/v2\/posts\/527\/revisions"}],"predecessor-version":[{"id":601,"href":"https:\/\/jesanaip.com\/wp-json\/wp\/v2\/posts\/527\/revisions\/601"}],"wp:featuredmedia":[{"embeddable":true,"href":"https:\/\/jesanaip.com\/wp-json\/wp\/v2\/media\/529"}],"wp:attachment":[{"href":"https:\/\/jesanaip.com\/wp-json\/wp\/v2\/media?parent=527"}],"wp:term":[{"taxonomy":"category","embeddable":true,"href":"https:\/\/jesanaip.com\/wp-json\/wp\/v2\/categories?post=527"},{"taxonomy":"post_tag","embeddable":true,"href":"https:\/\/jesanaip.com\/wp-json\/wp\/v2\/tags?post=527"},{"taxonomy":"post_series","embeddable":true,"href":"https:\/\/jesanaip.com\/wp-json\/wp\/v2\/post_series?post=527"}],"curies":[{"name":"wp","href":"https:\/\/api.w.org\/{rel}","templated":true}]}}